{"id":42,"date":"2024-10-29T18:25:05","date_gmt":"2024-10-29T17:25:05","guid":{"rendered":"http:\/\/masente.fr\/?p=42"},"modified":"2024-11-20T11:41:20","modified_gmt":"2024-11-20T10:41:20","slug":"s1e5-carrefour-de-linnovation-discussion-avec-herve-allesant","status":"publish","type":"post","link":"https:\/\/masente.fr\/?p=42","title":{"rendered":"S1E5 : Carrefour de l&rsquo;innovation : discussion avec Herv\u00e9 Allesant"},"content":{"rendered":"\n<figure class=\"wp-block-image size-full\"><img loading=\"lazy\" decoding=\"async\" width=\"540\" height=\"540\" src=\"http:\/\/masente.fr\/wp-content\/uploads\/2024\/10\/6.png\" alt=\"\" class=\"wp-image-221\" srcset=\"https:\/\/masente.fr\/wp-content\/uploads\/2024\/10\/6.png 540w, https:\/\/masente.fr\/wp-content\/uploads\/2024\/10\/6-300x300.png 300w, https:\/\/masente.fr\/wp-content\/uploads\/2024\/10\/6-150x150.png 150w\" sizes=\"auto, (max-width: 540px) 100vw, 540px\" \/><\/figure>\n\n\n\n<iframe src=\"https:\/\/www.vodio.fr\/frameplay.php?idref=15661&#038;urlref=1\" style=\"border: 0px none; box-shadow: rgba(0, 0, 0, 0.28) 0px 0px 10px; width: calc(100% - 10px); height: 180px; margin-left: 5px; padding: 0;\" scrolling=\"no\"><\/iframe>\n\n\n\n<p>\u00c9pisode d&rsquo;entretien en liaison avec le Carrefour de l&rsquo;innovation de Educatech 2023 o\u00f9 je re\u00e7ois Herv\u00e9 Allesant, ERUN de son \u00e9tat, qui nous parle certes num\u00e9rique dans la classe mais le cadre de la classe Freinet, une p\u00e9dagogie qu&rsquo;il a rapidement adopt\u00e9e dans son parcours dont il nous parle depuis ses d\u00e9buts.<\/p>\n\n\n\n<p>Liens vers ses cha\u00eenes Youtube :<\/p>\n\n\n\n<ul class=\"wp-block-list\">\n<li><a href=\"http:\/\/\u00c9pisode d'entretien en liaison avec le Carrefour de l'innovation de Educatech 2023 o\u00f9 je re\u00e7ois Herv\u00e9 Allesant, ERUN de son \u00e9tat, qui nous parle certes num\u00e9rique dans la classe mais le cadre de la classe Freinet, une p\u00e9dagogie qu'il a rapidement adopt\u00e9e dans son parcours dont il nous parle depuis ses d\u00e9buts.  Liens vers ses cha\u00eenes Youtube - @https:\/\/www.youtube.com\/laclasseinversee - @https:\/\/www.youtube.com\/laclassefreinet\">La classe inversee<\/a><\/li>\n\n\n\n<li><a href=\"https:\/\/www.youtube.com\/laclassefreinet\">La classe Freinet<\/a><\/li>\n<\/ul>\n\n\n\n<p><\/p>\n","protected":false},"excerpt":{"rendered":"<p>\u00c9pisode d&rsquo;entretien en liaison avec le Carrefour de l&rsquo;innovation de Educatech 2023 o\u00f9 je re\u00e7ois Herv\u00e9 Allesant, ERUN de son \u00e9tat, qui nous parle certes num\u00e9rique dans la classe mais le cadre de la classe Freinet, une p\u00e9dagogie qu&rsquo;il a rapidement adopt\u00e9e dans son parcours dont il nous parle depuis ses d\u00e9buts. Liens vers ses [&hellip;]<\/p>\n","protected":false},"author":2,"featured_media":221,"comment_status":"closed","ping_status":"open","sticky":false,"template":"","format":"standard","meta":{"footnotes":""},"categories":[4],"tags":[6],"class_list":["post-42","post","type-post","status-publish","format-standard","has-post-thumbnail","hentry","category-podcast","tag-s1"],"_links":{"self":[{"href":"https:\/\/masente.fr\/index.php?rest_route=\/wp\/v2\/posts\/42","targetHints":{"allow":["GET"]}}],"collection":[{"href":"https:\/\/masente.fr\/index.php?rest_route=\/wp\/v2\/posts"}],"about":[{"href":"https:\/\/masente.fr\/index.php?rest_route=\/wp\/v2\/types\/post"}],"author":[{"embeddable":true,"href":"https:\/\/masente.fr\/index.php?rest_route=\/wp\/v2\/users\/2"}],"replies":[{"embeddable":true,"href":"https:\/\/masente.fr\/index.php?rest_route=%2Fwp%2Fv2%2Fcomments&post=42"}],"version-history":[{"count":2,"href":"https:\/\/masente.fr\/index.php?rest_route=\/wp\/v2\/posts\/42\/revisions"}],"predecessor-version":[{"id":224,"href":"https:\/\/masente.fr\/index.php?rest_route=\/wp\/v2\/posts\/42\/revisions\/224"}],"wp:featuredmedia":[{"embeddable":true,"href":"https:\/\/masente.fr\/index.php?rest_route=\/wp\/v2\/media\/221"}],"wp:attachment":[{"href":"https:\/\/masente.fr\/index.php?rest_route=%2Fwp%2Fv2%2Fmedia&parent=42"}],"wp:term":[{"taxonomy":"category","embeddable":true,"href":"https:\/\/masente.fr\/index.php?rest_route=%2Fwp%2Fv2%2Fcategories&post=42"},{"taxonomy":"post_tag","embeddable":true,"href":"https:\/\/masente.fr\/index.php?rest_route=%2Fwp%2Fv2%2Ftags&post=42"}],"curies":[{"name":"wp","href":"https:\/\/api.w.org\/{rel}","templated":true}]}}